{"id":219,"count":11,"description":"Esta velita digital negra representa la protecci\u00f3n, la transformaci\u00f3n y el poder interior. Enci\u00e9ndela cuando necesites soltar lo que ya no te sirve, cortar energ\u00edas negativas y fortalecer tu espacio con firmeza y claridad.","link":"https:\/\/mivelitadigital.com\/en\/todos-los-estilos\/colores\/negro\/","name":"Black","slug":"negro","taxonomy":"product_cat","parent":146,"meta":[],"menu_order":0,"cat_url":"https:\/\/mivelitadigital.com\/en\/todos-los-estilos\/colores\/negro\/","_links":{"self":[{"href":"https:\/\/mivelitadigital.com\/en\/wp-json\/wp\/v2\/product_cat\/219","targetHints":{"allow":["GET"]}}],"collection":[{"href":"https:\/\/mivelitadigital.com\/en\/wp-json\/wp\/v2\/product_cat"}],"about":[{"href":"https:\/\/mivelitadigital.com\/en\/wp-json\/wp\/v2\/taxonomies\/product_cat"}],"up":[{"embeddable":true,"href":"https:\/\/mivelitadigital.com\/en\/wp-json\/wp\/v2\/product_cat\/146"}],"wp:post_type":[{"href":"https:\/\/mivelitadigital.com\/en\/wp-json\/wp\/v2\/product?product_cat=219"}],"curies":[{"name":"wp","href":"https:\/\/api.w.org\/{rel}","templated":true}]}}